{"id":3854,"date":"2022-02-01T08:50:47","date_gmt":"2022-02-01T08:50:47","guid":{"rendered":"https:\/\/www.meaplus.com\/?p=3854"},"modified":"2022-02-01T08:50:49","modified_gmt":"2022-02-01T08:50:49","slug":"svenljunga-kommun-blir-sefos-anvandare","status":"publish","type":"post","link":"https:\/\/www.meaplus.com\/en\/svenljunga-kommun-blir-sefos-anvandare\/","title":{"rendered":"Svenljunga Municipality becomes a SEFOS user"},"content":{"rendered":"<p>Last week, Meaplus signed an agreement with <a href=\"https:\/\/www.svenljunga.se\/\" target=\"_blank\" rel=\"noreferrer noopener\">Svenljunga Municipilaty<\/a>, who now has chosen to start using SEFOS for secure digital communication. We are very happy to welcome them as new users!<\/p>","protected":false},"excerpt":{"rendered":"<p>I f\u00f6rra veckan skrev Meaplus avtal med Svenljunga Kommun, som nu valt att b\u00f6rja anv\u00e4nda sig av SEFOS f\u00f6r s\u00e4ker digital kommunikation. Vi \u00e4r mycket glada \u00f6ver att kunna h\u00e4lsa dem varmt v\u00e4lkomna som nya anv\u00e4ndare!<\/p>","protected":false},"author":5,"featured_media":3855,"comment_status":"open","ping_status":"open","sticky":false,"template":"","format":"standard","meta":{"_monsterinsights_skip_tracking":false,"_monsterinsights_sitenote_active":false,"_monsterinsights_sitenote_note":"","_monsterinsights_sitenote_category":0,"_uf_show_specific_survey":0,"_uf_disable_surveys":false,"footnotes":""},"categories":[1],"tags":[],"class_list":["post-3854","post","type-post","status-publish","format-standard","has-post-thumbnail","hentry","category-uncategorized"],"aioseo_notices":[],"yoast_head":"<!-- This site is optimized with the Yoast SEO plugin v26.0 - https:\/\/yoast.com\/wordpress\/plugins\/seo\/ -->\n<title>Svenljunga Kommun blir SEFOS-anv\u00e4ndare - Meaplus<\/title>\n<meta name=\"description\" content=\"Meaplus har i f\u00f6rra veckan signerat avtal med Svenljunga Kommun som fram\u00f6ver kommer att anv\u00e4nda sig av SEFOS f\u00f6r s\u00e4ker digital kommunikation.\" \/>\n<meta name=\"robots\" content=\"index, follow, max-snippet:-1, max-image-preview:large, max-video-preview:-1\" \/>\n<link rel=\"canonical\" href=\"https:\/\/www.meaplus.com\/en\/svenljunga-kommun-blir-sefos-anvandare\/\" \/>\n<meta property=\"og:locale\" content=\"en_GB\" \/>\n<meta property=\"og:type\" content=\"article\" \/>\n<meta property=\"og:title\" content=\"Svenljunga Kommun blir SEFOS-anv\u00e4ndare - Meaplus\" \/>\n<meta property=\"og:description\" content=\"Meaplus har i f\u00f6rra veckan signerat avtal med Svenljunga Kommun som fram\u00f6ver kommer att anv\u00e4nda sig av SEFOS f\u00f6r s\u00e4ker digital kommunikation.\" \/>\n<meta property=\"og:url\" content=\"https:\/\/www.meaplus.com\/en\/svenljunga-kommun-blir-sefos-anvandare\/\" \/>\n<meta property=\"og:site_name\" content=\"Meaplus\" \/>\n<meta property=\"article:publisher\" content=\"https:\/\/www.facebook.com\/MeaplusSweden\/?epa=SEARCH_BOX\" \/>\n<meta property=\"article:published_time\" content=\"2022-02-01T08:50:47+00:00\" \/>\n<meta property=\"article:modified_time\" content=\"2022-02-01T08:50:49+00:00\" \/>\n<meta property=\"og:image\" content=\"https:\/\/www.meaplus.com\/wp-content\/uploads\/va\u0308lkommen-svenljunga.jpg\" \/>\n\t<meta property=\"og:image:width\" content=\"1289\" \/>\n\t<meta property=\"og:image:height\" content=\"771\" \/>\n\t<meta property=\"og:image:type\" content=\"image\/jpeg\" \/>\n<meta name=\"author\" content=\"isabell@meaplus.com\" \/>\n<meta name=\"twitter:card\" content=\"summary_large_image\" \/>\n<meta name=\"twitter:label1\" content=\"Written by\" \/>\n\t<meta name=\"twitter:data1\" content=\"isabell@meaplus.com\" \/>\n\t<meta name=\"twitter:label2\" content=\"Estimated reading time\" \/>\n\t<meta name=\"twitter:data2\" content=\"1 minute\" \/>\n<script type=\"application\/ld+json\" class=\"yoast-schema-graph\">{\"@context\":\"https:\/\/schema.org\",\"@graph\":[{\"@type\":\"Article\",\"@id\":\"https:\/\/www.meaplus.com\/svenljunga-kommun-blir-sefos-anvandare\/#article\",\"isPartOf\":{\"@id\":\"https:\/\/www.meaplus.com\/svenljunga-kommun-blir-sefos-anvandare\/\"},\"author\":{\"name\":\"isabell@meaplus.com\",\"@id\":\"https:\/\/www.meaplus.com\/#\/schema\/person\/03a5b1c03c529d92ac736312c31c8fcf\"},\"headline\":\"Svenljunga Kommun blir SEFOS-anv\u00e4ndare\",\"datePublished\":\"2022-02-01T08:50:47+00:00\",\"dateModified\":\"2022-02-01T08:50:49+00:00\",\"mainEntityOfPage\":{\"@id\":\"https:\/\/www.meaplus.com\/svenljunga-kommun-blir-sefos-anvandare\/\"},\"wordCount\":49,\"commentCount\":0,\"publisher\":{\"@id\":\"https:\/\/www.meaplus.com\/#organization\"},\"image\":{\"@id\":\"https:\/\/www.meaplus.com\/svenljunga-kommun-blir-sefos-anvandare\/#primaryimage\"},\"thumbnailUrl\":\"https:\/\/www.meaplus.com\/wp-content\/uploads\/va\u0308lkommen-svenljunga.jpg\",\"articleSection\":[\"Uncategorized\"],\"inLanguage\":\"en-GB\",\"potentialAction\":[{\"@type\":\"CommentAction\",\"name\":\"Comment\",\"target\":[\"https:\/\/www.meaplus.com\/svenljunga-kommun-blir-sefos-anvandare\/#respond\"]}]},{\"@type\":\"WebPage\",\"@id\":\"https:\/\/www.meaplus.com\/svenljunga-kommun-blir-sefos-anvandare\/\",\"url\":\"https:\/\/www.meaplus.com\/svenljunga-kommun-blir-sefos-anvandare\/\",\"name\":\"Svenljunga Kommun blir SEFOS-anv\u00e4ndare - Meaplus\",\"isPartOf\":{\"@id\":\"https:\/\/www.meaplus.com\/#website\"},\"primaryImageOfPage\":{\"@id\":\"https:\/\/www.meaplus.com\/svenljunga-kommun-blir-sefos-anvandare\/#primaryimage\"},\"image\":{\"@id\":\"https:\/\/www.meaplus.com\/svenljunga-kommun-blir-sefos-anvandare\/#primaryimage\"},\"thumbnailUrl\":\"https:\/\/www.meaplus.com\/wp-content\/uploads\/va\u0308lkommen-svenljunga.jpg\",\"datePublished\":\"2022-02-01T08:50:47+00:00\",\"dateModified\":\"2022-02-01T08:50:49+00:00\",\"description\":\"Meaplus har i f\u00f6rra veckan signerat avtal med Svenljunga Kommun som fram\u00f6ver kommer att anv\u00e4nda sig av SEFOS f\u00f6r s\u00e4ker digital kommunikation.\",\"breadcrumb\":{\"@id\":\"https:\/\/www.meaplus.com\/svenljunga-kommun-blir-sefos-anvandare\/#breadcrumb\"},\"inLanguage\":\"en-GB\",\"potentialAction\":[{\"@type\":\"ReadAction\",\"target\":[\"https:\/\/www.meaplus.com\/svenljunga-kommun-blir-sefos-anvandare\/\"]}]},{\"@type\":\"ImageObject\",\"inLanguage\":\"en-GB\",\"@id\":\"https:\/\/www.meaplus.com\/svenljunga-kommun-blir-sefos-anvandare\/#primaryimage\",\"url\":\"https:\/\/www.meaplus.com\/wp-content\/uploads\/va\u0308lkommen-svenljunga.jpg\",\"contentUrl\":\"https:\/\/www.meaplus.com\/wp-content\/uploads\/va\u0308lkommen-svenljunga.jpg\",\"width\":1289,\"height\":771},{\"@type\":\"BreadcrumbList\",\"@id\":\"https:\/\/www.meaplus.com\/svenljunga-kommun-blir-sefos-anvandare\/#breadcrumb\",\"itemListElement\":[{\"@type\":\"ListItem\",\"position\":1,\"name\":\"Home\",\"item\":\"https:\/\/www.meaplus.com\/\"},{\"@type\":\"ListItem\",\"position\":2,\"name\":\"Svenljunga Kommun blir SEFOS-anv\u00e4ndare\"}]},{\"@type\":\"WebSite\",\"@id\":\"https:\/\/www.meaplus.com\/#website\",\"url\":\"https:\/\/www.meaplus.com\/\",\"name\":\"Meaplus\",\"description\":\"\",\"publisher\":{\"@id\":\"https:\/\/www.meaplus.com\/#organization\"},\"potentialAction\":[{\"@type\":\"SearchAction\",\"target\":{\"@type\":\"EntryPoint\",\"urlTemplate\":\"https:\/\/www.meaplus.com\/?s={search_term_string}\"},\"query-input\":{\"@type\":\"PropertyValueSpecification\",\"valueRequired\":true,\"valueName\":\"search_term_string\"}}],\"inLanguage\":\"en-GB\"},{\"@type\":\"Organization\",\"@id\":\"https:\/\/www.meaplus.com\/#organization\",\"name\":\"Meaplus\",\"url\":\"https:\/\/www.meaplus.com\/\",\"logo\":{\"@type\":\"ImageObject\",\"inLanguage\":\"en-GB\",\"@id\":\"https:\/\/www.meaplus.com\/#\/schema\/logo\/image\/\",\"url\":\"https:\/\/www.meaplus.com\/wp-content\/uploads\/2020\/02\/meaplus-logo-small.png\",\"contentUrl\":\"https:\/\/www.meaplus.com\/wp-content\/uploads\/2020\/02\/meaplus-logo-small.png\",\"width\":153,\"height\":53,\"caption\":\"Meaplus\"},\"image\":{\"@id\":\"https:\/\/www.meaplus.com\/#\/schema\/logo\/image\/\"},\"sameAs\":[\"https:\/\/www.facebook.com\/MeaplusSweden\/?epa=SEARCH_BOX\",\"https:\/\/www.linkedin.com\/company\/18883230\/admin\/\"]},{\"@type\":\"Person\",\"@id\":\"https:\/\/www.meaplus.com\/#\/schema\/person\/03a5b1c03c529d92ac736312c31c8fcf\",\"name\":\"isabell@meaplus.com\",\"image\":{\"@type\":\"ImageObject\",\"inLanguage\":\"en-GB\",\"@id\":\"https:\/\/www.meaplus.com\/#\/schema\/person\/image\/\",\"url\":\"https:\/\/secure.gravatar.com\/avatar\/1a5b6610a6cb6a6ca6ac0fcca5149dea500f6ba42b6f97f86401a27bda8ae28d?s=96&d=mm&r=g\",\"contentUrl\":\"https:\/\/secure.gravatar.com\/avatar\/1a5b6610a6cb6a6ca6ac0fcca5149dea500f6ba42b6f97f86401a27bda8ae28d?s=96&d=mm&r=g\",\"caption\":\"isabell@meaplus.com\"},\"sameAs\":[\"http:\/\/www.meaplus.com\"],\"url\":\"https:\/\/www.meaplus.com\/en\/author\/isabellmeaplus-com\/\"}]}<\/script>\n<!-- \/ Yoast SEO plugin. -->","yoast_head_json":{"title":"Svenljunga Kommun blir SEFOS-anv\u00e4ndare - Meaplus","description":"Meaplus har i f\u00f6rra veckan signerat avtal med Svenljunga Kommun som fram\u00f6ver kommer att anv\u00e4nda sig av SEFOS f\u00f6r s\u00e4ker digital kommunikation.","robots":{"index":"index","follow":"follow","max-snippet":"max-snippet:-1","max-image-preview":"max-image-preview:large","max-video-preview":"max-video-preview:-1"},"canonical":"https:\/\/www.meaplus.com\/en\/svenljunga-kommun-blir-sefos-anvandare\/","og_locale":"en_GB","og_type":"article","og_title":"Svenljunga Kommun blir SEFOS-anv\u00e4ndare - Meaplus","og_description":"Meaplus har i f\u00f6rra veckan signerat avtal med Svenljunga Kommun som fram\u00f6ver kommer att anv\u00e4nda sig av SEFOS f\u00f6r s\u00e4ker digital kommunikation.","og_url":"https:\/\/www.meaplus.com\/en\/svenljunga-kommun-blir-sefos-anvandare\/","og_site_name":"Meaplus","article_publisher":"https:\/\/www.facebook.com\/MeaplusSweden\/?epa=SEARCH_BOX","article_published_time":"2022-02-01T08:50:47+00:00","article_modified_time":"2022-02-01T08:50:49+00:00","og_image":[{"width":1289,"height":771,"url":"https:\/\/www.meaplus.com\/wp-content\/uploads\/va\u0308lkommen-svenljunga.jpg","type":"image\/jpeg"}],"author":"isabell@meaplus.com","twitter_card":"summary_large_image","twitter_misc":{"Written by":"isabell@meaplus.com","Estimated reading time":"1 minute"},"schema":{"@context":"https:\/\/schema.org","@graph":[{"@type":"Article","@id":"https:\/\/www.meaplus.com\/svenljunga-kommun-blir-sefos-anvandare\/#article","isPartOf":{"@id":"https:\/\/www.meaplus.com\/svenljunga-kommun-blir-sefos-anvandare\/"},"author":{"name":"isabell@meaplus.com","@id":"https:\/\/www.meaplus.com\/#\/schema\/person\/03a5b1c03c529d92ac736312c31c8fcf"},"headline":"Svenljunga Kommun blir SEFOS-anv\u00e4ndare","datePublished":"2022-02-01T08:50:47+00:00","dateModified":"2022-02-01T08:50:49+00:00","mainEntityOfPage":{"@id":"https:\/\/www.meaplus.com\/svenljunga-kommun-blir-sefos-anvandare\/"},"wordCount":49,"commentCount":0,"publisher":{"@id":"https:\/\/www.meaplus.com\/#organization"},"image":{"@id":"https:\/\/www.meaplus.com\/svenljunga-kommun-blir-sefos-anvandare\/#primaryimage"},"thumbnailUrl":"https:\/\/www.meaplus.com\/wp-content\/uploads\/va\u0308lkommen-svenljunga.jpg","articleSection":["Uncategorized"],"inLanguage":"en-GB","potentialAction":[{"@type":"CommentAction","name":"Comment","target":["https:\/\/www.meaplus.com\/svenljunga-kommun-blir-sefos-anvandare\/#respond"]}]},{"@type":"WebPage","@id":"https:\/\/www.meaplus.com\/svenljunga-kommun-blir-sefos-anvandare\/","url":"https:\/\/www.meaplus.com\/svenljunga-kommun-blir-sefos-anvandare\/","name":"Svenljunga Kommun blir SEFOS-anv\u00e4ndare - Meaplus","isPartOf":{"@id":"https:\/\/www.meaplus.com\/#website"},"primaryImageOfPage":{"@id":"https:\/\/www.meaplus.com\/svenljunga-kommun-blir-sefos-anvandare\/#primaryimage"},"image":{"@id":"https:\/\/www.meaplus.com\/svenljunga-kommun-blir-sefos-anvandare\/#primaryimage"},"thumbnailUrl":"https:\/\/www.meaplus.com\/wp-content\/uploads\/va\u0308lkommen-svenljunga.jpg","datePublished":"2022-02-01T08:50:47+00:00","dateModified":"2022-02-01T08:50:49+00:00","description":"Meaplus har i f\u00f6rra veckan signerat avtal med Svenljunga Kommun som fram\u00f6ver kommer att anv\u00e4nda sig av SEFOS f\u00f6r s\u00e4ker digital kommunikation.","breadcrumb":{"@id":"https:\/\/www.meaplus.com\/svenljunga-kommun-blir-sefos-anvandare\/#breadcrumb"},"inLanguage":"en-GB","potentialAction":[{"@type":"ReadAction","target":["https:\/\/www.meaplus.com\/svenljunga-kommun-blir-sefos-anvandare\/"]}]},{"@type":"ImageObject","inLanguage":"en-GB","@id":"https:\/\/www.meaplus.com\/svenljunga-kommun-blir-sefos-anvandare\/#primaryimage","url":"https:\/\/www.meaplus.com\/wp-content\/uploads\/va\u0308lkommen-svenljunga.jpg","contentUrl":"https:\/\/www.meaplus.com\/wp-content\/uploads\/va\u0308lkommen-svenljunga.jpg","width":1289,"height":771},{"@type":"BreadcrumbList","@id":"https:\/\/www.meaplus.com\/svenljunga-kommun-blir-sefos-anvandare\/#breadcrumb","itemListElement":[{"@type":"ListItem","position":1,"name":"Home","item":"https:\/\/www.meaplus.com\/"},{"@type":"ListItem","position":2,"name":"Svenljunga Kommun blir SEFOS-anv\u00e4ndare"}]},{"@type":"WebSite","@id":"https:\/\/www.meaplus.com\/#website","url":"https:\/\/www.meaplus.com\/","name":"Meaplus","description":"","publisher":{"@id":"https:\/\/www.meaplus.com\/#organization"},"potentialAction":[{"@type":"SearchAction","target":{"@type":"EntryPoint","urlTemplate":"https:\/\/www.meaplus.com\/?s={search_term_string}"},"query-input":{"@type":"PropertyValueSpecification","valueRequired":true,"valueName":"search_term_string"}}],"inLanguage":"en-GB"},{"@type":"Organization","@id":"https:\/\/www.meaplus.com\/#organization","name":"Meaplus","url":"https:\/\/www.meaplus.com\/","logo":{"@type":"ImageObject","inLanguage":"en-GB","@id":"https:\/\/www.meaplus.com\/#\/schema\/logo\/image\/","url":"https:\/\/www.meaplus.com\/wp-content\/uploads\/2020\/02\/meaplus-logo-small.png","contentUrl":"https:\/\/www.meaplus.com\/wp-content\/uploads\/2020\/02\/meaplus-logo-small.png","width":153,"height":53,"caption":"Meaplus"},"image":{"@id":"https:\/\/www.meaplus.com\/#\/schema\/logo\/image\/"},"sameAs":["https:\/\/www.facebook.com\/MeaplusSweden\/?epa=SEARCH_BOX","https:\/\/www.linkedin.com\/company\/18883230\/admin\/"]},{"@type":"Person","@id":"https:\/\/www.meaplus.com\/#\/schema\/person\/03a5b1c03c529d92ac736312c31c8fcf","name":"isabell@meaplus.com","image":{"@type":"ImageObject","inLanguage":"en-GB","@id":"https:\/\/www.meaplus.com\/#\/schema\/person\/image\/","url":"https:\/\/secure.gravatar.com\/avatar\/1a5b6610a6cb6a6ca6ac0fcca5149dea500f6ba42b6f97f86401a27bda8ae28d?s=96&d=mm&r=g","contentUrl":"https:\/\/secure.gravatar.com\/avatar\/1a5b6610a6cb6a6ca6ac0fcca5149dea500f6ba42b6f97f86401a27bda8ae28d?s=96&d=mm&r=g","caption":"isabell@meaplus.com"},"sameAs":["http:\/\/www.meaplus.com"],"url":"https:\/\/www.meaplus.com\/en\/author\/isabellmeaplus-com\/"}]}},"_links":{"self":[{"href":"https:\/\/www.meaplus.com\/en\/wp-json\/wp\/v2\/posts\/3854","targetHints":{"allow":["GET"]}}],"collection":[{"href":"https:\/\/www.meaplus.com\/en\/wp-json\/wp\/v2\/posts"}],"about":[{"href":"https:\/\/www.meaplus.com\/en\/wp-json\/wp\/v2\/types\/post"}],"author":[{"embeddable":true,"href":"https:\/\/www.meaplus.com\/en\/wp-json\/wp\/v2\/users\/5"}],"replies":[{"embeddable":true,"href":"https:\/\/www.meaplus.com\/en\/wp-json\/wp\/v2\/comments?post=3854"}],"version-history":[{"count":3,"href":"https:\/\/www.meaplus.com\/en\/wp-json\/wp\/v2\/posts\/3854\/revisions"}],"predecessor-version":[{"id":3870,"href":"https:\/\/www.meaplus.com\/en\/wp-json\/wp\/v2\/posts\/3854\/revisions\/3870"}],"wp:featuredmedia":[{"embeddable":true,"href":"https:\/\/www.meaplus.com\/en\/wp-json\/wp\/v2\/media\/3855"}],"wp:attachment":[{"href":"https:\/\/www.meaplus.com\/en\/wp-json\/wp\/v2\/media?parent=3854"}],"wp:term":[{"taxonomy":"category","embeddable":true,"href":"https:\/\/www.meaplus.com\/en\/wp-json\/wp\/v2\/categories?post=3854"},{"taxonomy":"post_tag","embeddable":true,"href":"https:\/\/www.meaplus.com\/en\/wp-json\/wp\/v2\/tags?post=3854"}],"curies":[{"name":"wp","href":"https:\/\/api.w.org\/{rel}","templated":true}]}}