{"id":3854,"date":"2022-02-01T08:50:47","date_gmt":"2022-02-01T08:50:47","guid":{"rendered":"https:\/\/www.meaplus.com\/?p=3854"},"modified":"2022-02-01T08:50:49","modified_gmt":"2022-02-01T08:50:49","slug":"svenljunga-kommun-blir-sefos-anvandare","status":"publish","type":"post","link":"https:\/\/www.meaplus.com\/en\/svenljunga-kommun-blir-sefos-anvandare\/","title":{"rendered":"Svenljunga Municipality becomes a SEFOS user"},"content":{"rendered":"<p class=\"wp-block-paragraph\">Last week, Meaplus signed an agreement with <a href=\"https:\/\/www.svenljunga.se\/\" target=\"_blank\" rel=\"noreferrer noopener\">Svenljunga Municipilaty<\/a>, who now has chosen to start using SEFOS for secure digital communication. We are very happy to welcome them as new users!<\/p>","protected":false},"excerpt":{"rendered":"<p>I f\u00f6rra veckan skrev Meaplus avtal med Svenljunga Kommun, som nu valt att b\u00f6rja anv\u00e4nda sig av SEFOS f\u00f6r s\u00e4ker digital kommunikation. Vi \u00e4r mycket glada \u00f6ver att kunna h\u00e4lsa dem varmt v\u00e4lkomna som nya anv\u00e4ndare!<\/p>","protected":false},"author":5,"featured_media":3855,"comment_status":"open","ping_status":"open","sticky":false,"template":"","format":"standard","meta":{"_monsterinsights_skip_tracking":false,"_uf_show_specific_survey":0,"_uf_disable_surveys":false,"footnotes":""},"categories":[1],"tags":[],"class_list":["post-3854","post","type-post","status-publish","format-standard","has-post-thumbnail","hentry","category-uncategorized"],"aioseo_notices":[],"aioseo_head":"\n\t\t<!-- All in One SEO 5.0.1.1 - aioseo.com -->\n\t<meta name=\"description\" content=\"I f\u00f6rra veckan skrev Meaplus avtal med Svenljunga Kommun, som nu valt att b\u00f6rja anv\u00e4nda sig av SEFOS f\u00f6r s\u00e4ker digital kommunikation. Vi \u00e4r mycket glada \u00f6ver att kunna h\u00e4lsa dem varmt v\u00e4lkomna som nya anv\u00e4ndare!\" \/>\n\t<meta name=\"robots\" content=\"max-image-preview:large\" \/>\n\t<meta name=\"author\" content=\"isabell@meaplus.com\"\/>\n\t<link rel=\"canonical\" href=\"https:\/\/www.meaplus.com\/en\/svenljunga-kommun-blir-sefos-anvandare\/\" \/>\n\t<meta name=\"generator\" content=\"All in One SEO (AIOSEO) 5.0.1.1\" \/>\n\t\t<meta property=\"og:locale\" content=\"en_GB\" \/>\n\t\t<meta property=\"og:site_name\" content=\"Meaplus -\" \/>\n\t\t<meta property=\"og:type\" content=\"article\" \/>\n\t\t<meta property=\"og:title\" content=\"Svenljunga Kommun blir SEFOS-anv\u00e4ndare - Meaplus\" \/>\n\t\t<meta property=\"og:description\" content=\"I f\u00f6rra veckan skrev Meaplus avtal med Svenljunga Kommun, som nu valt att b\u00f6rja anv\u00e4nda sig av SEFOS f\u00f6r s\u00e4ker digital kommunikation. Vi \u00e4r mycket glada \u00f6ver att kunna h\u00e4lsa dem varmt v\u00e4lkomna som nya anv\u00e4ndare!\" \/>\n\t\t<meta property=\"og:url\" content=\"https:\/\/www.meaplus.com\/en\/svenljunga-kommun-blir-sefos-anvandare\/\" \/>\n\t\t<meta property=\"article:published_time\" content=\"2022-02-01T08:50:47+00:00\" \/>\n\t\t<meta property=\"article:modified_time\" content=\"2022-02-01T08:50:49+00:00\" \/>\n\t\t<meta name=\"twitter:card\" content=\"summary_large_image\" \/>\n\t\t<meta name=\"twitter:title\" content=\"Svenljunga Kommun blir SEFOS-anv\u00e4ndare - Meaplus\" \/>\n\t\t<meta name=\"twitter:description\" content=\"I f\u00f6rra veckan skrev Meaplus avtal med Svenljunga Kommun, som nu valt att b\u00f6rja anv\u00e4nda sig av SEFOS f\u00f6r s\u00e4ker digital kommunikation. Vi \u00e4r mycket glada \u00f6ver att kunna h\u00e4lsa dem varmt v\u00e4lkomna som nya anv\u00e4ndare!\" \/>\n\t\t<script type=\"application\/ld+json\" class=\"aioseo-schema\">\n\t\t\t{\"@context\":\"https:\\\/\\\/schema.org\",\"@graph\":[{\"@type\":\"BlogPosting\",\"@id\":\"https:\\\/\\\/www.meaplus.com\\\/en\\\/svenljunga-kommun-blir-sefos-anvandare\\\/#blogposting\",\"name\":\"Svenljunga Kommun blir SEFOS-anv\\u00e4ndare - Meaplus\",\"headline\":\"Svenljunga Kommun blir SEFOS-anv\\u00e4ndare\",\"author\":{\"@id\":\"https:\\\/\\\/www.meaplus.com\\\/en\\\/author\\\/isabellmeaplus-com\\\/#author\"},\"publisher\":{\"@id\":\"https:\\\/\\\/www.meaplus.com\\\/en\\\/#organization\"},\"image\":{\"@type\":\"ImageObject\",\"url\":\"https:\\\/\\\/www.meaplus.com\\\/wp-content\\\/uploads\\\/va\\u0308lkommen-svenljunga.jpg\",\"width\":1289,\"height\":771},\"datePublished\":\"2022-02-01T08:50:47+00:00\",\"dateModified\":\"2022-02-01T08:50:49+00:00\",\"inLanguage\":\"en-GB\",\"mainEntityOfPage\":{\"@id\":\"https:\\\/\\\/www.meaplus.com\\\/en\\\/svenljunga-kommun-blir-sefos-anvandare\\\/#webpage\"},\"isPartOf\":{\"@id\":\"https:\\\/\\\/www.meaplus.com\\\/en\\\/svenljunga-kommun-blir-sefos-anvandare\\\/#webpage\"},\"articleSection\":\"Uncategorized\"},{\"@type\":\"BreadcrumbList\",\"@id\":\"https:\\\/\\\/www.meaplus.com\\\/en\\\/svenljunga-kommun-blir-sefos-anvandare\\\/#breadcrumblist\",\"itemListElement\":[{\"@type\":\"ListItem\",\"@id\":\"https:\\\/\\\/www.meaplus.com\\\/en#listItem\",\"position\":1,\"name\":\"Home\",\"item\":\"https:\\\/\\\/www.meaplus.com\\\/en\",\"nextItem\":{\"@type\":\"ListItem\",\"@id\":\"https:\\\/\\\/www.meaplus.com\\\/en\\\/category\\\/uncategorized\\\/#listItem\",\"name\":\"Uncategorized\"}},{\"@type\":\"ListItem\",\"@id\":\"https:\\\/\\\/www.meaplus.com\\\/en\\\/category\\\/uncategorized\\\/#listItem\",\"position\":2,\"name\":\"Uncategorized\",\"item\":\"https:\\\/\\\/www.meaplus.com\\\/en\\\/category\\\/uncategorized\\\/\",\"nextItem\":{\"@type\":\"ListItem\",\"@id\":\"https:\\\/\\\/www.meaplus.com\\\/en\\\/svenljunga-kommun-blir-sefos-anvandare\\\/#listItem\",\"name\":\"Svenljunga Kommun blir SEFOS-anv\\u00e4ndare\"},\"previousItem\":{\"@type\":\"ListItem\",\"@id\":\"https:\\\/\\\/www.meaplus.com\\\/en#listItem\",\"name\":\"Home\"}},{\"@type\":\"ListItem\",\"@id\":\"https:\\\/\\\/www.meaplus.com\\\/en\\\/svenljunga-kommun-blir-sefos-anvandare\\\/#listItem\",\"position\":3,\"name\":\"Svenljunga Kommun blir SEFOS-anv\\u00e4ndare\",\"previousItem\":{\"@type\":\"ListItem\",\"@id\":\"https:\\\/\\\/www.meaplus.com\\\/en\\\/category\\\/uncategorized\\\/#listItem\",\"name\":\"Uncategorized\"}}]},{\"@type\":\"Organization\",\"@id\":\"https:\\\/\\\/www.meaplus.com\\\/en\\\/#organization\",\"name\":\"Meaplus\",\"url\":\"https:\\\/\\\/www.meaplus.com\\\/en\\\/\"},{\"@type\":\"Person\",\"@id\":\"https:\\\/\\\/www.meaplus.com\\\/en\\\/author\\\/isabellmeaplus-com\\\/#author\",\"url\":\"https:\\\/\\\/www.meaplus.com\\\/en\\\/author\\\/isabellmeaplus-com\\\/\",\"name\":\"isabell@meaplus.com\",\"image\":{\"@type\":\"ImageObject\",\"@id\":\"https:\\\/\\\/www.meaplus.com\\\/en\\\/svenljunga-kommun-blir-sefos-anvandare\\\/#authorImage\",\"url\":\"https:\\\/\\\/secure.gravatar.com\\\/avatar\\\/1a5b6610a6cb6a6ca6ac0fcca5149dea500f6ba42b6f97f86401a27bda8ae28d?s=96&d=mm&r=g\",\"width\":96,\"height\":96,\"caption\":\"isabell@meaplus.com\"}},{\"@type\":\"WebPage\",\"@id\":\"https:\\\/\\\/www.meaplus.com\\\/en\\\/svenljunga-kommun-blir-sefos-anvandare\\\/#webpage\",\"url\":\"https:\\\/\\\/www.meaplus.com\\\/en\\\/svenljunga-kommun-blir-sefos-anvandare\\\/\",\"name\":\"Svenljunga Kommun blir SEFOS-anv\\u00e4ndare - Meaplus\",\"description\":\"I f\\u00f6rra veckan skrev Meaplus avtal med Svenljunga Kommun, som nu valt att b\\u00f6rja anv\\u00e4nda sig av SEFOS f\\u00f6r s\\u00e4ker digital kommunikation. Vi \\u00e4r mycket glada \\u00f6ver att kunna h\\u00e4lsa dem varmt v\\u00e4lkomna som nya anv\\u00e4ndare!\",\"inLanguage\":\"en-GB\",\"isPartOf\":{\"@id\":\"https:\\\/\\\/www.meaplus.com\\\/en\\\/#website\"},\"breadcrumb\":{\"@id\":\"https:\\\/\\\/www.meaplus.com\\\/en\\\/svenljunga-kommun-blir-sefos-anvandare\\\/#breadcrumblist\"},\"author\":{\"@id\":\"https:\\\/\\\/www.meaplus.com\\\/en\\\/author\\\/isabellmeaplus-com\\\/#author\"},\"creator\":{\"@id\":\"https:\\\/\\\/www.meaplus.com\\\/en\\\/author\\\/isabellmeaplus-com\\\/#author\"},\"image\":{\"@type\":\"ImageObject\",\"url\":\"https:\\\/\\\/www.meaplus.com\\\/wp-content\\\/uploads\\\/va\\u0308lkommen-svenljunga.jpg\",\"@id\":\"https:\\\/\\\/www.meaplus.com\\\/en\\\/svenljunga-kommun-blir-sefos-anvandare\\\/#mainImage\",\"width\":1289,\"height\":771},\"primaryImageOfPage\":{\"@id\":\"https:\\\/\\\/www.meaplus.com\\\/en\\\/svenljunga-kommun-blir-sefos-anvandare\\\/#mainImage\"},\"datePublished\":\"2022-02-01T08:50:47+00:00\",\"dateModified\":\"2022-02-01T08:50:49+00:00\"},{\"@type\":\"WebSite\",\"@id\":\"https:\\\/\\\/www.meaplus.com\\\/en\\\/#website\",\"url\":\"https:\\\/\\\/www.meaplus.com\\\/en\\\/\",\"name\":\"Meaplus\",\"inLanguage\":\"en-GB\",\"publisher\":{\"@id\":\"https:\\\/\\\/www.meaplus.com\\\/en\\\/#organization\"}}]}\n\t\t<\/script>\n\t\t<!-- All in One SEO -->\n\n","aioseo_head_json":{"title":"Svenljunga Kommun blir SEFOS-anv\u00e4ndare - Meaplus","description":"I f\u00f6rra veckan skrev Meaplus avtal med Svenljunga Kommun, som nu valt att b\u00f6rja anv\u00e4nda sig av SEFOS f\u00f6r s\u00e4ker digital kommunikation. Vi \u00e4r mycket glada \u00f6ver att kunna h\u00e4lsa dem varmt v\u00e4lkomna som nya anv\u00e4ndare!","canonical_url":"https:\/\/www.meaplus.com\/en\/svenljunga-kommun-blir-sefos-anvandare\/","robots":"max-image-preview:large","keywords":"","webmasterTools":{"miscellaneous":""},"schema":{"@context":"https:\/\/schema.org","@graph":[{"@type":"BlogPosting","@id":"https:\/\/www.meaplus.com\/en\/svenljunga-kommun-blir-sefos-anvandare\/#blogposting","name":"Svenljunga Kommun blir SEFOS-anv\u00e4ndare - Meaplus","headline":"Svenljunga Kommun blir SEFOS-anv\u00e4ndare","author":{"@id":"https:\/\/www.meaplus.com\/en\/author\/isabellmeaplus-com\/#author"},"publisher":{"@id":"https:\/\/www.meaplus.com\/en\/#organization"},"image":{"@type":"ImageObject","url":"https:\/\/www.meaplus.com\/wp-content\/uploads\/va\u0308lkommen-svenljunga.jpg","width":1289,"height":771},"datePublished":"2022-02-01T08:50:47+00:00","dateModified":"2022-02-01T08:50:49+00:00","inLanguage":"en-GB","mainEntityOfPage":{"@id":"https:\/\/www.meaplus.com\/en\/svenljunga-kommun-blir-sefos-anvandare\/#webpage"},"isPartOf":{"@id":"https:\/\/www.meaplus.com\/en\/svenljunga-kommun-blir-sefos-anvandare\/#webpage"},"articleSection":"Uncategorized"},{"@type":"BreadcrumbList","@id":"https:\/\/www.meaplus.com\/en\/svenljunga-kommun-blir-sefos-anvandare\/#breadcrumblist","itemListElement":[{"@type":"ListItem","@id":"https:\/\/www.meaplus.com\/en#listItem","position":1,"name":"Home","item":"https:\/\/www.meaplus.com\/en","nextItem":{"@type":"ListItem","@id":"https:\/\/www.meaplus.com\/en\/category\/uncategorized\/#listItem","name":"Uncategorized"}},{"@type":"ListItem","@id":"https:\/\/www.meaplus.com\/en\/category\/uncategorized\/#listItem","position":2,"name":"Uncategorized","item":"https:\/\/www.meaplus.com\/en\/category\/uncategorized\/","nextItem":{"@type":"ListItem","@id":"https:\/\/www.meaplus.com\/en\/svenljunga-kommun-blir-sefos-anvandare\/#listItem","name":"Svenljunga Kommun blir SEFOS-anv\u00e4ndare"},"previousItem":{"@type":"ListItem","@id":"https:\/\/www.meaplus.com\/en#listItem","name":"Home"}},{"@type":"ListItem","@id":"https:\/\/www.meaplus.com\/en\/svenljunga-kommun-blir-sefos-anvandare\/#listItem","position":3,"name":"Svenljunga Kommun blir SEFOS-anv\u00e4ndare","previousItem":{"@type":"ListItem","@id":"https:\/\/www.meaplus.com\/en\/category\/uncategorized\/#listItem","name":"Uncategorized"}}]},{"@type":"Organization","@id":"https:\/\/www.meaplus.com\/en\/#organization","name":"Meaplus","url":"https:\/\/www.meaplus.com\/en\/"},{"@type":"Person","@id":"https:\/\/www.meaplus.com\/en\/author\/isabellmeaplus-com\/#author","url":"https:\/\/www.meaplus.com\/en\/author\/isabellmeaplus-com\/","name":"isabell@meaplus.com","image":{"@type":"ImageObject","@id":"https:\/\/www.meaplus.com\/en\/svenljunga-kommun-blir-sefos-anvandare\/#authorImage","url":"https:\/\/secure.gravatar.com\/avatar\/1a5b6610a6cb6a6ca6ac0fcca5149dea500f6ba42b6f97f86401a27bda8ae28d?s=96&d=mm&r=g","width":96,"height":96,"caption":"isabell@meaplus.com"}},{"@type":"WebPage","@id":"https:\/\/www.meaplus.com\/en\/svenljunga-kommun-blir-sefos-anvandare\/#webpage","url":"https:\/\/www.meaplus.com\/en\/svenljunga-kommun-blir-sefos-anvandare\/","name":"Svenljunga Kommun blir SEFOS-anv\u00e4ndare - Meaplus","description":"I f\u00f6rra veckan skrev Meaplus avtal med Svenljunga Kommun, som nu valt att b\u00f6rja anv\u00e4nda sig av SEFOS f\u00f6r s\u00e4ker digital kommunikation. Vi \u00e4r mycket glada \u00f6ver att kunna h\u00e4lsa dem varmt v\u00e4lkomna som nya anv\u00e4ndare!","inLanguage":"en-GB","isPartOf":{"@id":"https:\/\/www.meaplus.com\/en\/#website"},"breadcrumb":{"@id":"https:\/\/www.meaplus.com\/en\/svenljunga-kommun-blir-sefos-anvandare\/#breadcrumblist"},"author":{"@id":"https:\/\/www.meaplus.com\/en\/author\/isabellmeaplus-com\/#author"},"creator":{"@id":"https:\/\/www.meaplus.com\/en\/author\/isabellmeaplus-com\/#author"},"image":{"@type":"ImageObject","url":"https:\/\/www.meaplus.com\/wp-content\/uploads\/va\u0308lkommen-svenljunga.jpg","@id":"https:\/\/www.meaplus.com\/en\/svenljunga-kommun-blir-sefos-anvandare\/#mainImage","width":1289,"height":771},"primaryImageOfPage":{"@id":"https:\/\/www.meaplus.com\/en\/svenljunga-kommun-blir-sefos-anvandare\/#mainImage"},"datePublished":"2022-02-01T08:50:47+00:00","dateModified":"2022-02-01T08:50:49+00:00"},{"@type":"WebSite","@id":"https:\/\/www.meaplus.com\/en\/#website","url":"https:\/\/www.meaplus.com\/en\/","name":"Meaplus","inLanguage":"en-GB","publisher":{"@id":"https:\/\/www.meaplus.com\/en\/#organization"}}]},"og:locale":"en_GB","og:site_name":"Meaplus -","og:type":"article","og:title":"Svenljunga Kommun blir SEFOS-anv\u00e4ndare - Meaplus","og:description":"I f\u00f6rra veckan skrev Meaplus avtal med Svenljunga Kommun, som nu valt att b\u00f6rja anv\u00e4nda sig av SEFOS f\u00f6r s\u00e4ker digital kommunikation. Vi \u00e4r mycket glada \u00f6ver att kunna h\u00e4lsa dem varmt v\u00e4lkomna som nya anv\u00e4ndare!","og:url":"https:\/\/www.meaplus.com\/en\/svenljunga-kommun-blir-sefos-anvandare\/","article:published_time":"2022-02-01T08:50:47+00:00","article:modified_time":"2022-02-01T08:50:49+00:00","twitter:card":"summary_large_image","twitter:title":"Svenljunga Kommun blir SEFOS-anv\u00e4ndare - Meaplus","twitter:description":"I f\u00f6rra veckan skrev Meaplus avtal med Svenljunga Kommun, som nu valt att b\u00f6rja anv\u00e4nda sig av SEFOS f\u00f6r s\u00e4ker digital kommunikation. Vi \u00e4r mycket glada \u00f6ver att kunna h\u00e4lsa dem varmt v\u00e4lkomna som nya anv\u00e4ndare!"},"aioseo_meta_data":{"post_id":"3854","title":null,"description":null,"keywords":null,"keyphrases":null,"primary_term":null,"canonical_url":null,"og_title":null,"og_description":null,"og_object_type":"default","og_image_type":"default","og_image_url":null,"og_image_width":null,"og_image_height":null,"og_image_custom_url":null,"og_image_custom_fields":null,"og_video":null,"og_custom_url":null,"og_article_section":null,"og_article_tags":null,"twitter_use_og":false,"twitter_card":"default","twitter_image_type":"default","twitter_image_url":null,"twitter_image_custom_url":null,"twitter_image_custom_fields":null,"twitter_title":null,"twitter_description":null,"schema":{"blockGraphs":[],"customGraphs":[],"default":{"data":{"Article":[],"Course":[],"Dataset":[],"FAQPage":[],"Movie":[],"Person":[],"Product":[],"ProductReview":[],"Car":[],"Recipe":[],"Service":[],"SoftwareApplication":[],"WebPage":[]},"graphName":"","isEnabled":true},"graphs":[]},"schema_type":"default","schema_type_options":null,"pillar_content":false,"robots_default":true,"robots_noindex":false,"robots_noarchive":false,"robots_nosnippet":false,"robots_nofollow":false,"robots_noimageindex":false,"robots_noodp":false,"robots_notranslate":false,"robots_max_snippet":null,"robots_max_videopreview":null,"robots_max_imagepreview":"large","priority":null,"frequency":null,"local_seo":null,"breadcrumb_settings":null,"limit_modified_date":false,"ai":null,"created":"2025-07-23 16:41:31","updated":"2025-07-23 16:41:31","focus_keyword":null,"additional_keywords":null,"truseo_locale":null,"seo_analyzer_scan_date":null},"aioseo_breadcrumb":"<div class=\"aioseo-breadcrumbs\"><span class=\"aioseo-breadcrumb\">\n\t\t\t<a href=\"https:\/\/www.meaplus.com\/en\" title=\"Home\">Home<\/a>\n\t\t<\/span><span class=\"aioseo-breadcrumb-separator\">&raquo;<\/span><span class=\"aioseo-breadcrumb\">\n\t\t\t<a href=\"https:\/\/www.meaplus.com\/en\/category\/uncategorized\/\" title=\"Uncategorized\">Uncategorized<\/a>\n\t\t<\/span><span class=\"aioseo-breadcrumb-separator\">&raquo;<\/span><span class=\"aioseo-breadcrumb\">\n\t\t\tSvenljunga Kommun blir SEFOS-anv\u00e4ndare\n\t\t<\/span><\/div>","aioseo_breadcrumb_json":[{"label":"Home","link":"https:\/\/www.meaplus.com\/en"},{"label":"Uncategorized","link":"https:\/\/www.meaplus.com\/en\/category\/uncategorized\/"},{"label":"Svenljunga Kommun blir SEFOS-anv\u00e4ndare","link":"https:\/\/www.meaplus.com\/en\/svenljunga-kommun-blir-sefos-anvandare\/"}],"_links":{"self":[{"href":"https:\/\/www.meaplus.com\/en\/wp-json\/wp\/v2\/posts\/3854","targetHints":{"allow":["GET"]}}],"collection":[{"href":"https:\/\/www.meaplus.com\/en\/wp-json\/wp\/v2\/posts"}],"about":[{"href":"https:\/\/www.meaplus.com\/en\/wp-json\/wp\/v2\/types\/post"}],"author":[{"embeddable":true,"href":"https:\/\/www.meaplus.com\/en\/wp-json\/wp\/v2\/users\/5"}],"replies":[{"embeddable":true,"href":"https:\/\/www.meaplus.com\/en\/wp-json\/wp\/v2\/comments?post=3854"}],"version-history":[{"count":3,"href":"https:\/\/www.meaplus.com\/en\/wp-json\/wp\/v2\/posts\/3854\/revisions"}],"predecessor-version":[{"id":3870,"href":"https:\/\/www.meaplus.com\/en\/wp-json\/wp\/v2\/posts\/3854\/revisions\/3870"}],"wp:featuredmedia":[{"embeddable":true,"href":"https:\/\/www.meaplus.com\/en\/wp-json\/wp\/v2\/media\/3855"}],"wp:attachment":[{"href":"https:\/\/www.meaplus.com\/en\/wp-json\/wp\/v2\/media?parent=3854"}],"wp:term":[{"taxonomy":"category","embeddable":true,"href":"https:\/\/www.meaplus.com\/en\/wp-json\/wp\/v2\/categories?post=3854"},{"taxonomy":"post_tag","embeddable":true,"href":"https:\/\/www.meaplus.com\/en\/wp-json\/wp\/v2\/tags?post=3854"}],"curies":[{"name":"wp","href":"https:\/\/api.w.org\/{rel}","templated":true}]}}