{"id":9076,"date":"2026-05-21T07:52:30","date_gmt":"2026-05-21T07:52:30","guid":{"rendered":"https:\/\/www.meaplus.com\/?p=9076"},"modified":"2026-05-21T07:52:31","modified_gmt":"2026-05-21T07:52:31","slug":"degerfors","status":"publish","type":"post","link":"https:\/\/www.meaplus.com\/en\/degerfors\/","title":{"rendered":"We welcome Degerfors as new customers!"},"content":{"rendered":"<p class=\"wp-block-paragraph\"><strong>Det \u00e4r med stor gl\u00e4dje vi v\u00e4lkomnar <a href=\"https:\/\/degerfors.se\/\" target=\"_blank\" rel=\"noreferrer noopener\">Degerfors kommun<\/a> som ny anv\u00e4ndare av SEFOS!<\/strong><\/p>\n\n\n\n<p class=\"wp-block-paragraph\">Degerfors kommun har valt att b\u00f6rja anv\u00e4nda v\u00e5r <a href=\"https:\/\/www.meaplus.com\/en\/sefos-sakra-meddelanden\/\">messaging service<\/a> tillsammans med SDK f\u00f6r att skapa b\u00e4ttre f\u00f6ruts\u00e4ttningar f\u00f6r s\u00e4ker och smidig digital kommunikation i det dagliga arbetet. Vi ser fram emot att f\u00e5 f\u00f6lja och st\u00f6tta dem p\u00e5 den fortsatta digitala resan.<\/p>\n\n\n\n<p class=\"wp-block-paragraph\">Varmt v\u00e4lkomna som kunder hos oss p\u00e5 Meaplus! \ud83d\ude80<\/p>\n\n\n\n<div class=\"wp-block-columns is-layout-flex wp-container-core-columns-is-layout-7387b849 wp-block-columns-is-layout-flex\">\n<div class=\"wp-block-column is-layout-flow wp-block-column-is-layout-flow\"><\/div>\n<\/div>\n\n\n\n<h5 class=\"wp-block-heading\">Are you and your organization interested in SEFOS?<\/h5>\n\n\n\n<p class=\"wp-block-paragraph\">Vill du har mer information om SEFOS kan du l\u00e4sa dig till det&nbsp;<a href=\"https:\/\/www.meaplus.com\/en\/sefos\/\" target=\"_blank\" rel=\"noreferrer noopener\"><strong>here<\/strong><\/a>&nbsp;or&nbsp;<a href=\"https:\/\/www.meaplus.com\/en\/kontakta-oss\/\"><strong>contact us<\/strong><\/a>&nbsp;and we will get back to you as soon as possible!<\/p>","protected":false},"excerpt":{"rendered":"<p>Det \u00e4r med stor gl\u00e4dje vi v\u00e4lkomnar Degerfors kommun som ny anv\u00e4ndare av SEFOS! Degerfors kommun har valt att b\u00f6rja anv\u00e4nda v\u00e5r meddelandetj\u00e4nst tillsammans med SDK f\u00f6r att skapa b\u00e4ttre f\u00f6ruts\u00e4ttningar f\u00f6r s\u00e4ker och smidig digital kommunikation i det dagliga arbetet. Vi ser fram emot att f\u00e5 f\u00f6lja och st\u00f6tta dem p\u00e5 den fortsatta digitala [&hellip;]<\/p>\n","protected":false},"author":5,"featured_media":9078,"comment_status":"open","ping_status":"open","sticky":false,"template":"","format":"standard","meta":{"_monsterinsights_skip_tracking":false,"_uf_show_specific_survey":0,"_uf_disable_surveys":false,"footnotes":""},"categories":[1],"tags":[],"class_list":["post-9076","post","type-post","status-publish","format-standard","has-post-thumbnail","hentry","category-uncategorized"],"aioseo_notices":[],"aioseo_head":"\n\t\t<!-- All in One SEO 5.0.1.1 - aioseo.com -->\n\t<meta name=\"description\" content=\"Det \u00e4r med stor gl\u00e4dje vi v\u00e4lkomnar Degerfors kommun som ny anv\u00e4ndare av SEFOS! Degerfors kommun har valt att b\u00f6rja anv\u00e4nda v\u00e5r meddelandetj\u00e4nst tillsammans med SDK f\u00f6r att skapa b\u00e4ttre f\u00f6ruts\u00e4ttningar f\u00f6r s\u00e4ker och smidig digital kommunikation i det dagliga arbetet. Vi ser fram emot att f\u00e5 f\u00f6lja och st\u00f6tta dem p\u00e5 den fortsatta digitala\" \/>\n\t<meta name=\"robots\" content=\"max-image-preview:large\" \/>\n\t<meta name=\"author\" content=\"isabell@meaplus.com\"\/>\n\t<link rel=\"canonical\" href=\"https:\/\/www.meaplus.com\/en\/degerfors\/\" \/>\n\t<meta name=\"generator\" content=\"All in One SEO (AIOSEO) 5.0.1.1\" \/>\n\t\t<meta property=\"og:locale\" content=\"en_GB\" \/>\n\t\t<meta property=\"og:site_name\" content=\"Meaplus -\" \/>\n\t\t<meta property=\"og:type\" content=\"article\" \/>\n\t\t<meta property=\"og:title\" content=\"Vi v\u00e4lkomnar Degerfors kommun! - Meaplus\" \/>\n\t\t<meta property=\"og:description\" content=\"Det \u00e4r med stor gl\u00e4dje vi v\u00e4lkomnar Degerfors kommun som ny anv\u00e4ndare av SEFOS! Degerfors kommun har valt att b\u00f6rja anv\u00e4nda v\u00e5r meddelandetj\u00e4nst tillsammans med SDK f\u00f6r att skapa b\u00e4ttre f\u00f6ruts\u00e4ttningar f\u00f6r s\u00e4ker och smidig digital kommunikation i det dagliga arbetet. Vi ser fram emot att f\u00e5 f\u00f6lja och st\u00f6tta dem p\u00e5 den fortsatta digitala\" \/>\n\t\t<meta property=\"og:url\" content=\"https:\/\/www.meaplus.com\/en\/degerfors\/\" \/>\n\t\t<meta property=\"article:published_time\" content=\"2026-05-21T07:52:30+00:00\" \/>\n\t\t<meta property=\"article:modified_time\" content=\"2026-05-21T07:52:31+00:00\" \/>\n\t\t<meta name=\"twitter:card\" content=\"summary_large_image\" \/>\n\t\t<meta name=\"twitter:title\" content=\"Vi v\u00e4lkomnar Degerfors kommun! - Meaplus\" \/>\n\t\t<meta name=\"twitter:description\" content=\"Det \u00e4r med stor gl\u00e4dje vi v\u00e4lkomnar Degerfors kommun som ny anv\u00e4ndare av SEFOS! Degerfors kommun har valt att b\u00f6rja anv\u00e4nda v\u00e5r meddelandetj\u00e4nst tillsammans med SDK f\u00f6r att skapa b\u00e4ttre f\u00f6ruts\u00e4ttningar f\u00f6r s\u00e4ker och smidig digital kommunikation i det dagliga arbetet. Vi ser fram emot att f\u00e5 f\u00f6lja och st\u00f6tta dem p\u00e5 den fortsatta digitala\" \/>\n\t\t<script type=\"application\/ld+json\" class=\"aioseo-schema\">\n\t\t\t{\"@context\":\"https:\\\/\\\/schema.org\",\"@graph\":[{\"@type\":\"BlogPosting\",\"@id\":\"https:\\\/\\\/www.meaplus.com\\\/en\\\/degerfors\\\/#blogposting\",\"name\":\"Vi v\\u00e4lkomnar Degerfors kommun! - Meaplus\",\"headline\":\"Vi v\\u00e4lkomnar Degerfors kommun!\",\"author\":{\"@id\":\"https:\\\/\\\/www.meaplus.com\\\/en\\\/author\\\/isabellmeaplus-com\\\/#author\"},\"publisher\":{\"@id\":\"https:\\\/\\\/www.meaplus.com\\\/en\\\/#organization\"},\"image\":{\"@type\":\"ImageObject\",\"url\":\"https:\\\/\\\/www.meaplus.com\\\/wp-content\\\/uploads\\\/hej-degersfors.jpg\",\"width\":1334,\"height\":781},\"datePublished\":\"2026-05-21T07:52:30+00:00\",\"dateModified\":\"2026-05-21T07:52:31+00:00\",\"inLanguage\":\"en-GB\",\"mainEntityOfPage\":{\"@id\":\"https:\\\/\\\/www.meaplus.com\\\/en\\\/degerfors\\\/#webpage\"},\"isPartOf\":{\"@id\":\"https:\\\/\\\/www.meaplus.com\\\/en\\\/degerfors\\\/#webpage\"},\"articleSection\":\"Uncategorized\"},{\"@type\":\"BreadcrumbList\",\"@id\":\"https:\\\/\\\/www.meaplus.com\\\/en\\\/degerfors\\\/#breadcrumblist\",\"itemListElement\":[{\"@type\":\"ListItem\",\"@id\":\"https:\\\/\\\/www.meaplus.com\\\/en#listItem\",\"position\":1,\"name\":\"Home\",\"item\":\"https:\\\/\\\/www.meaplus.com\\\/en\",\"nextItem\":{\"@type\":\"ListItem\",\"@id\":\"https:\\\/\\\/www.meaplus.com\\\/en\\\/category\\\/uncategorized\\\/#listItem\",\"name\":\"Uncategorized\"}},{\"@type\":\"ListItem\",\"@id\":\"https:\\\/\\\/www.meaplus.com\\\/en\\\/category\\\/uncategorized\\\/#listItem\",\"position\":2,\"name\":\"Uncategorized\",\"item\":\"https:\\\/\\\/www.meaplus.com\\\/en\\\/category\\\/uncategorized\\\/\",\"nextItem\":{\"@type\":\"ListItem\",\"@id\":\"https:\\\/\\\/www.meaplus.com\\\/en\\\/degerfors\\\/#listItem\",\"name\":\"Vi v\\u00e4lkomnar Degerfors kommun!\"},\"previousItem\":{\"@type\":\"ListItem\",\"@id\":\"https:\\\/\\\/www.meaplus.com\\\/en#listItem\",\"name\":\"Home\"}},{\"@type\":\"ListItem\",\"@id\":\"https:\\\/\\\/www.meaplus.com\\\/en\\\/degerfors\\\/#listItem\",\"position\":3,\"name\":\"Vi v\\u00e4lkomnar Degerfors kommun!\",\"previousItem\":{\"@type\":\"ListItem\",\"@id\":\"https:\\\/\\\/www.meaplus.com\\\/en\\\/category\\\/uncategorized\\\/#listItem\",\"name\":\"Uncategorized\"}}]},{\"@type\":\"Organization\",\"@id\":\"https:\\\/\\\/www.meaplus.com\\\/en\\\/#organization\",\"name\":\"Meaplus\",\"url\":\"https:\\\/\\\/www.meaplus.com\\\/en\\\/\"},{\"@type\":\"Person\",\"@id\":\"https:\\\/\\\/www.meaplus.com\\\/en\\\/author\\\/isabellmeaplus-com\\\/#author\",\"url\":\"https:\\\/\\\/www.meaplus.com\\\/en\\\/author\\\/isabellmeaplus-com\\\/\",\"name\":\"isabell@meaplus.com\",\"image\":{\"@type\":\"ImageObject\",\"@id\":\"https:\\\/\\\/www.meaplus.com\\\/en\\\/degerfors\\\/#authorImage\",\"url\":\"https:\\\/\\\/secure.gravatar.com\\\/avatar\\\/1a5b6610a6cb6a6ca6ac0fcca5149dea500f6ba42b6f97f86401a27bda8ae28d?s=96&d=mm&r=g\",\"width\":96,\"height\":96,\"caption\":\"isabell@meaplus.com\"}},{\"@type\":\"WebPage\",\"@id\":\"https:\\\/\\\/www.meaplus.com\\\/en\\\/degerfors\\\/#webpage\",\"url\":\"https:\\\/\\\/www.meaplus.com\\\/en\\\/degerfors\\\/\",\"name\":\"Vi v\\u00e4lkomnar Degerfors kommun! - Meaplus\",\"description\":\"Det \\u00e4r med stor gl\\u00e4dje vi v\\u00e4lkomnar Degerfors kommun som ny anv\\u00e4ndare av SEFOS! Degerfors kommun har valt att b\\u00f6rja anv\\u00e4nda v\\u00e5r meddelandetj\\u00e4nst tillsammans med SDK f\\u00f6r att skapa b\\u00e4ttre f\\u00f6ruts\\u00e4ttningar f\\u00f6r s\\u00e4ker och smidig digital kommunikation i det dagliga arbetet. Vi ser fram emot att f\\u00e5 f\\u00f6lja och st\\u00f6tta dem p\\u00e5 den fortsatta digitala\",\"inLanguage\":\"en-GB\",\"isPartOf\":{\"@id\":\"https:\\\/\\\/www.meaplus.com\\\/en\\\/#website\"},\"breadcrumb\":{\"@id\":\"https:\\\/\\\/www.meaplus.com\\\/en\\\/degerfors\\\/#breadcrumblist\"},\"author\":{\"@id\":\"https:\\\/\\\/www.meaplus.com\\\/en\\\/author\\\/isabellmeaplus-com\\\/#author\"},\"creator\":{\"@id\":\"https:\\\/\\\/www.meaplus.com\\\/en\\\/author\\\/isabellmeaplus-com\\\/#author\"},\"image\":{\"@type\":\"ImageObject\",\"url\":\"https:\\\/\\\/www.meaplus.com\\\/wp-content\\\/uploads\\\/hej-degersfors.jpg\",\"@id\":\"https:\\\/\\\/www.meaplus.com\\\/en\\\/degerfors\\\/#mainImage\",\"width\":1334,\"height\":781},\"primaryImageOfPage\":{\"@id\":\"https:\\\/\\\/www.meaplus.com\\\/en\\\/degerfors\\\/#mainImage\"},\"datePublished\":\"2026-05-21T07:52:30+00:00\",\"dateModified\":\"2026-05-21T07:52:31+00:00\"},{\"@type\":\"WebSite\",\"@id\":\"https:\\\/\\\/www.meaplus.com\\\/en\\\/#website\",\"url\":\"https:\\\/\\\/www.meaplus.com\\\/en\\\/\",\"name\":\"Meaplus\",\"inLanguage\":\"en-GB\",\"publisher\":{\"@id\":\"https:\\\/\\\/www.meaplus.com\\\/en\\\/#organization\"}}]}\n\t\t<\/script>\n\t\t<!-- All in One SEO -->\n\n","aioseo_head_json":{"title":"Vi v\u00e4lkomnar Degerfors kommun! - Meaplus","description":"Det \u00e4r med stor gl\u00e4dje vi v\u00e4lkomnar Degerfors kommun som ny anv\u00e4ndare av SEFOS! Degerfors kommun har valt att b\u00f6rja anv\u00e4nda v\u00e5r meddelandetj\u00e4nst tillsammans med SDK f\u00f6r att skapa b\u00e4ttre f\u00f6ruts\u00e4ttningar f\u00f6r s\u00e4ker och smidig digital kommunikation i det dagliga arbetet. Vi ser fram emot att f\u00e5 f\u00f6lja och st\u00f6tta dem p\u00e5 den fortsatta digitala","canonical_url":"https:\/\/www.meaplus.com\/en\/degerfors\/","robots":"max-image-preview:large","keywords":"","webmasterTools":{"miscellaneous":""},"schema":{"@context":"https:\/\/schema.org","@graph":[{"@type":"BlogPosting","@id":"https:\/\/www.meaplus.com\/en\/degerfors\/#blogposting","name":"Vi v\u00e4lkomnar Degerfors kommun! - Meaplus","headline":"Vi v\u00e4lkomnar Degerfors kommun!","author":{"@id":"https:\/\/www.meaplus.com\/en\/author\/isabellmeaplus-com\/#author"},"publisher":{"@id":"https:\/\/www.meaplus.com\/en\/#organization"},"image":{"@type":"ImageObject","url":"https:\/\/www.meaplus.com\/wp-content\/uploads\/hej-degersfors.jpg","width":1334,"height":781},"datePublished":"2026-05-21T07:52:30+00:00","dateModified":"2026-05-21T07:52:31+00:00","inLanguage":"en-GB","mainEntityOfPage":{"@id":"https:\/\/www.meaplus.com\/en\/degerfors\/#webpage"},"isPartOf":{"@id":"https:\/\/www.meaplus.com\/en\/degerfors\/#webpage"},"articleSection":"Uncategorized"},{"@type":"BreadcrumbList","@id":"https:\/\/www.meaplus.com\/en\/degerfors\/#breadcrumblist","itemListElement":[{"@type":"ListItem","@id":"https:\/\/www.meaplus.com\/en#listItem","position":1,"name":"Home","item":"https:\/\/www.meaplus.com\/en","nextItem":{"@type":"ListItem","@id":"https:\/\/www.meaplus.com\/en\/category\/uncategorized\/#listItem","name":"Uncategorized"}},{"@type":"ListItem","@id":"https:\/\/www.meaplus.com\/en\/category\/uncategorized\/#listItem","position":2,"name":"Uncategorized","item":"https:\/\/www.meaplus.com\/en\/category\/uncategorized\/","nextItem":{"@type":"ListItem","@id":"https:\/\/www.meaplus.com\/en\/degerfors\/#listItem","name":"Vi v\u00e4lkomnar Degerfors kommun!"},"previousItem":{"@type":"ListItem","@id":"https:\/\/www.meaplus.com\/en#listItem","name":"Home"}},{"@type":"ListItem","@id":"https:\/\/www.meaplus.com\/en\/degerfors\/#listItem","position":3,"name":"Vi v\u00e4lkomnar Degerfors kommun!","previousItem":{"@type":"ListItem","@id":"https:\/\/www.meaplus.com\/en\/category\/uncategorized\/#listItem","name":"Uncategorized"}}]},{"@type":"Organization","@id":"https:\/\/www.meaplus.com\/en\/#organization","name":"Meaplus","url":"https:\/\/www.meaplus.com\/en\/"},{"@type":"Person","@id":"https:\/\/www.meaplus.com\/en\/author\/isabellmeaplus-com\/#author","url":"https:\/\/www.meaplus.com\/en\/author\/isabellmeaplus-com\/","name":"isabell@meaplus.com","image":{"@type":"ImageObject","@id":"https:\/\/www.meaplus.com\/en\/degerfors\/#authorImage","url":"https:\/\/secure.gravatar.com\/avatar\/1a5b6610a6cb6a6ca6ac0fcca5149dea500f6ba42b6f97f86401a27bda8ae28d?s=96&d=mm&r=g","width":96,"height":96,"caption":"isabell@meaplus.com"}},{"@type":"WebPage","@id":"https:\/\/www.meaplus.com\/en\/degerfors\/#webpage","url":"https:\/\/www.meaplus.com\/en\/degerfors\/","name":"Vi v\u00e4lkomnar Degerfors kommun! - Meaplus","description":"Det \u00e4r med stor gl\u00e4dje vi v\u00e4lkomnar Degerfors kommun som ny anv\u00e4ndare av SEFOS! Degerfors kommun har valt att b\u00f6rja anv\u00e4nda v\u00e5r meddelandetj\u00e4nst tillsammans med SDK f\u00f6r att skapa b\u00e4ttre f\u00f6ruts\u00e4ttningar f\u00f6r s\u00e4ker och smidig digital kommunikation i det dagliga arbetet. Vi ser fram emot att f\u00e5 f\u00f6lja och st\u00f6tta dem p\u00e5 den fortsatta digitala","inLanguage":"en-GB","isPartOf":{"@id":"https:\/\/www.meaplus.com\/en\/#website"},"breadcrumb":{"@id":"https:\/\/www.meaplus.com\/en\/degerfors\/#breadcrumblist"},"author":{"@id":"https:\/\/www.meaplus.com\/en\/author\/isabellmeaplus-com\/#author"},"creator":{"@id":"https:\/\/www.meaplus.com\/en\/author\/isabellmeaplus-com\/#author"},"image":{"@type":"ImageObject","url":"https:\/\/www.meaplus.com\/wp-content\/uploads\/hej-degersfors.jpg","@id":"https:\/\/www.meaplus.com\/en\/degerfors\/#mainImage","width":1334,"height":781},"primaryImageOfPage":{"@id":"https:\/\/www.meaplus.com\/en\/degerfors\/#mainImage"},"datePublished":"2026-05-21T07:52:30+00:00","dateModified":"2026-05-21T07:52:31+00:00"},{"@type":"WebSite","@id":"https:\/\/www.meaplus.com\/en\/#website","url":"https:\/\/www.meaplus.com\/en\/","name":"Meaplus","inLanguage":"en-GB","publisher":{"@id":"https:\/\/www.meaplus.com\/en\/#organization"}}]},"og:locale":"en_GB","og:site_name":"Meaplus -","og:type":"article","og:title":"Vi v\u00e4lkomnar Degerfors kommun! - Meaplus","og:description":"Det \u00e4r med stor gl\u00e4dje vi v\u00e4lkomnar Degerfors kommun som ny anv\u00e4ndare av SEFOS! Degerfors kommun har valt att b\u00f6rja anv\u00e4nda v\u00e5r meddelandetj\u00e4nst tillsammans med SDK f\u00f6r att skapa b\u00e4ttre f\u00f6ruts\u00e4ttningar f\u00f6r s\u00e4ker och smidig digital kommunikation i det dagliga arbetet. Vi ser fram emot att f\u00e5 f\u00f6lja och st\u00f6tta dem p\u00e5 den fortsatta digitala","og:url":"https:\/\/www.meaplus.com\/en\/degerfors\/","article:published_time":"2026-05-21T07:52:30+00:00","article:modified_time":"2026-05-21T07:52:31+00:00","twitter:card":"summary_large_image","twitter:title":"Vi v\u00e4lkomnar Degerfors kommun! - Meaplus","twitter:description":"Det \u00e4r med stor gl\u00e4dje vi v\u00e4lkomnar Degerfors kommun som ny anv\u00e4ndare av SEFOS! Degerfors kommun har valt att b\u00f6rja anv\u00e4nda v\u00e5r meddelandetj\u00e4nst tillsammans med SDK f\u00f6r att skapa b\u00e4ttre f\u00f6ruts\u00e4ttningar f\u00f6r s\u00e4ker och smidig digital kommunikation i det dagliga arbetet. Vi ser fram emot att f\u00e5 f\u00f6lja och st\u00f6tta dem p\u00e5 den fortsatta digitala"},"aioseo_meta_data":{"post_id":"9076","title":null,"description":null,"keywords":null,"keyphrases":{"focus":{"keyphrase":"","score":0,"analysis":{"keyphraseInTitle":{"score":0,"maxScore":9,"error":1}}},"additional":[]},"primary_term":null,"canonical_url":null,"og_title":null,"og_description":null,"og_object_type":"default","og_image_type":"default","og_image_url":null,"og_image_width":null,"og_image_height":null,"og_image_custom_url":null,"og_image_custom_fields":null,"og_video":"","og_custom_url":null,"og_article_section":null,"og_article_tags":null,"twitter_use_og":false,"twitter_card":"default","twitter_image_type":"default","twitter_image_url":null,"twitter_image_custom_url":null,"twitter_image_custom_fields":null,"twitter_title":null,"twitter_description":null,"schema":{"blockGraphs":[],"customGraphs":[],"default":{"data":{"Article":[],"Course":[],"Dataset":[],"FAQPage":[],"Movie":[],"Person":[],"Product":[],"ProductReview":[],"Car":[],"Recipe":[],"Service":[],"SoftwareApplication":[],"WebPage":[]},"graphName":"BlogPosting","isEnabled":true},"graphs":[]},"schema_type":"default","schema_type_options":null,"pillar_content":false,"robots_default":true,"robots_noindex":false,"robots_noarchive":false,"robots_nosnippet":false,"robots_nofollow":false,"robots_noimageindex":false,"robots_noodp":false,"robots_notranslate":false,"robots_max_snippet":"-1","robots_max_videopreview":"-1","robots_max_imagepreview":"large","priority":null,"frequency":"default","local_seo":null,"breadcrumb_settings":null,"limit_modified_date":false,"ai":{"faqs":[],"keyPoints":[],"titles":[],"descriptions":[],"socialPosts":{"email":[],"linkedin":[],"twitter":[],"facebook":[],"instagram":[]}},"created":"2026-05-18 09:10:26","updated":"2026-05-21 08:01:27","focus_keyword":null,"additional_keywords":null,"truseo_locale":null,"seo_analyzer_scan_date":null},"aioseo_breadcrumb":"<div class=\"aioseo-breadcrumbs\"><span class=\"aioseo-breadcrumb\">\n\t\t\t<a href=\"https:\/\/www.meaplus.com\/en\" title=\"Home\">Home<\/a>\n\t\t<\/span><span class=\"aioseo-breadcrumb-separator\">&raquo;<\/span><span class=\"aioseo-breadcrumb\">\n\t\t\t<a href=\"https:\/\/www.meaplus.com\/en\/category\/uncategorized\/\" title=\"Uncategorized\">Uncategorized<\/a>\n\t\t<\/span><span class=\"aioseo-breadcrumb-separator\">&raquo;<\/span><span class=\"aioseo-breadcrumb\">\n\t\t\tVi v\u00e4lkomnar Degerfors kommun!\n\t\t<\/span><\/div>","aioseo_breadcrumb_json":[{"label":"Home","link":"https:\/\/www.meaplus.com\/en"},{"label":"Uncategorized","link":"https:\/\/www.meaplus.com\/en\/category\/uncategorized\/"},{"label":"Vi v\u00e4lkomnar Degerfors kommun!","link":"https:\/\/www.meaplus.com\/en\/degerfors\/"}],"_links":{"self":[{"href":"https:\/\/www.meaplus.com\/en\/wp-json\/wp\/v2\/posts\/9076","targetHints":{"allow":["GET"]}}],"collection":[{"href":"https:\/\/www.meaplus.com\/en\/wp-json\/wp\/v2\/posts"}],"about":[{"href":"https:\/\/www.meaplus.com\/en\/wp-json\/wp\/v2\/types\/post"}],"author":[{"embeddable":true,"href":"https:\/\/www.meaplus.com\/en\/wp-json\/wp\/v2\/users\/5"}],"replies":[{"embeddable":true,"href":"https:\/\/www.meaplus.com\/en\/wp-json\/wp\/v2\/comments?post=9076"}],"version-history":[{"count":6,"href":"https:\/\/www.meaplus.com\/en\/wp-json\/wp\/v2\/posts\/9076\/revisions"}],"predecessor-version":[{"id":9083,"href":"https:\/\/www.meaplus.com\/en\/wp-json\/wp\/v2\/posts\/9076\/revisions\/9083"}],"wp:featuredmedia":[{"embeddable":true,"href":"https:\/\/www.meaplus.com\/en\/wp-json\/wp\/v2\/media\/9078"}],"wp:attachment":[{"href":"https:\/\/www.meaplus.com\/en\/wp-json\/wp\/v2\/media?parent=9076"}],"wp:term":[{"taxonomy":"category","embeddable":true,"href":"https:\/\/www.meaplus.com\/en\/wp-json\/wp\/v2\/categories?post=9076"},{"taxonomy":"post_tag","embeddable":true,"href":"https:\/\/www.meaplus.com\/en\/wp-json\/wp\/v2\/tags?post=9076"}],"curies":[{"name":"wp","href":"https:\/\/api.w.org\/{rel}","templated":true}]}}